{"id":7516,"date":"2026-04-28T18:18:01","date_gmt":"2026-04-28T16:18:01","guid":{"rendered":"https:\/\/fratdejob.participationetfraternite.fr\/?p=7516"},"modified":"2026-04-28T18:18:01","modified_gmt":"2026-04-28T16:18:01","slug":"sept-epis-de-ble","status":"publish","type":"post","link":"https:\/\/fratdejob.participationetfraternite.fr\/?p=7516","title":{"rendered":"Sept \u00e9pis de bl\u00e9"},"content":{"rendered":"<p><img loading=\"lazy\" decoding=\"async\" class=\"size-medium wp-image-7521 aligncenter\" src=\"https:\/\/fratdejob.participationetfraternite.fr\/wp-content\/uploads\/2026\/04\/7-epis-de-ble-illustration-spirituelle-300x168.png\" alt=\"\" width=\"300\" height=\"168\" srcset=\"https:\/\/fratdejob.participationetfraternite.fr\/wp-content\/uploads\/2026\/04\/7-epis-de-ble-illustration-spirituelle-300x168.png 300w, https:\/\/fratdejob.participationetfraternite.fr\/wp-content\/uploads\/2026\/04\/7-epis-de-ble-illustration-spirituelle-1024x574.png 1024w, https:\/\/fratdejob.participationetfraternite.fr\/wp-content\/uploads\/2026\/04\/7-epis-de-ble-illustration-spirituelle-768x431.png 768w, https:\/\/fratdejob.participationetfraternite.fr\/wp-content\/uploads\/2026\/04\/7-epis-de-ble-illustration-spirituelle.png 1312w\" sizes=\"auto, (max-width: 300px) 100vw, 300px\" \/>Sept \u00e9pis de bl\u00e9 poussaient dans un champ<\/p>\n<p>Le premier dit je suis la vie<\/p>\n<p>Le deuxi\u00e8me dit je suis l\u00e0 joie<\/p>\n<p>Le troisi\u00e8me dit moi je suis l&rsquo;amour<\/p>\n<p>Le quatri\u00e8me dit moi je suis les larmes<\/p>\n<p>Le cinqui\u00e8me dit moi je suis le sourire<\/p>\n<p>Le sixi\u00e8me dit moi je suis la tendresse<\/p>\n<p>Alors le septi\u00e8me \u00e9pi, un peu triste, dit : et moi qui je suis ?<\/p>\n<p>J\u00e9sus descendit du ciel et le pris dans ses mains<\/p>\n<p>Et lui dit toi tu es tout \u00e0 la fois<\/p>\n<p>La vie, la joie, l&rsquo;amour, les larmes, le sourire, la tendresse<\/p>\n<p>Les six \u00e9pis inclinent devant lui<\/p>\n<p>Tu es la parole de\u00a0 J\u00e9sus que tu s\u00e8mes dans le c\u0153ur des hommes<\/p>\n<p>&#8212;<\/p>\n<p>Josiane<\/p>\n","protected":false},"excerpt":{"rendered":"<p>Sept \u00e9pis de bl\u00e9 poussaient dans un champ Le premier dit je suis la vie Le deuxi\u00e8me dit je suis l\u00e0 joie Le troisi\u00e8me dit moi je suis l&rsquo;amour Le quatri\u00e8me dit moi je&#46;&#46;&#46;<\/p>\n","protected":false},"author":3,"featured_media":7523,"comment_status":"closed","ping_status":"closed","sticky":false,"template":"","format":"standard","meta":{"_monsterinsights_skip_tracking":false,"_monsterinsights_sitenote_active":false,"_monsterinsights_sitenote_note":"","_monsterinsights_sitenote_category":0,"footnotes":""},"categories":[4,12],"tags":[],"class_list":["post-7516","post","type-post","status-publish","format-standard","has-post-thumbnail","hentry","category-blog","category-les-poemes-de-job"],"_links":{"self":[{"href":"https:\/\/fratdejob.participationetfraternite.fr\/index.php?rest_route=\/wp\/v2\/posts\/7516","targetHints":{"allow":["GET"]}}],"collection":[{"href":"https:\/\/fratdejob.participationetfraternite.fr\/index.php?rest_route=\/wp\/v2\/posts"}],"about":[{"href":"https:\/\/fratdejob.participationetfraternite.fr\/index.php?rest_route=\/wp\/v2\/types\/post"}],"author":[{"embeddable":true,"href":"https:\/\/fratdejob.participationetfraternite.fr\/index.php?rest_route=\/wp\/v2\/users\/3"}],"replies":[{"embeddable":true,"href":"https:\/\/fratdejob.participationetfraternite.fr\/index.php?rest_route=%2Fwp%2Fv2%2Fcomments&post=7516"}],"version-history":[{"count":6,"href":"https:\/\/fratdejob.participationetfraternite.fr\/index.php?rest_route=\/wp\/v2\/posts\/7516\/revisions"}],"predecessor-version":[{"id":7539,"href":"https:\/\/fratdejob.participationetfraternite.fr\/index.php?rest_route=\/wp\/v2\/posts\/7516\/revisions\/7539"}],"wp:featuredmedia":[{"embeddable":true,"href":"https:\/\/fratdejob.participationetfraternite.fr\/index.php?rest_route=\/wp\/v2\/media\/7523"}],"wp:attachment":[{"href":"https:\/\/fratdejob.participationetfraternite.fr\/index.php?rest_route=%2Fwp%2Fv2%2Fmedia&parent=7516"}],"wp:term":[{"taxonomy":"category","embeddable":true,"href":"https:\/\/fratdejob.participationetfraternite.fr\/index.php?rest_route=%2Fwp%2Fv2%2Fcategories&post=7516"},{"taxonomy":"post_tag","embeddable":true,"href":"https:\/\/fratdejob.participationetfraternite.fr\/index.php?rest_route=%2Fwp%2Fv2%2Ftags&post=7516"}],"curies":[{"name":"wp","href":"https:\/\/api.w.org\/{rel}","templated":true}]}}