{"id":7514,"date":"2026-04-28T18:19:05","date_gmt":"2026-04-28T16:19:05","guid":{"rendered":"https:\/\/fratdejob.participationetfraternite.fr\/?p=7514"},"modified":"2026-04-28T18:19:05","modified_gmt":"2026-04-28T16:19:05","slug":"jesus-porte-sa-croix","status":"publish","type":"post","link":"https:\/\/fratdejob.participationetfraternite.fr\/?p=7514","title":{"rendered":"J\u00e9sus porte sa croix"},"content":{"rendered":"<p><img loading=\"lazy\" decoding=\"async\" class=\"aligncenter size-medium wp-image-7524\" src=\"https:\/\/fratdejob.participationetfraternite.fr\/wp-content\/uploads\/2026\/04\/what-is-the-passion-of-jesus-christ-1709198437-300x169.jpg\" alt=\"\" width=\"300\" height=\"169\" srcset=\"https:\/\/fratdejob.participationetfraternite.fr\/wp-content\/uploads\/2026\/04\/what-is-the-passion-of-jesus-christ-1709198437-300x169.jpg 300w, https:\/\/fratdejob.participationetfraternite.fr\/wp-content\/uploads\/2026\/04\/what-is-the-passion-of-jesus-christ-1709198437-1024x576.jpg 1024w, https:\/\/fratdejob.participationetfraternite.fr\/wp-content\/uploads\/2026\/04\/what-is-the-passion-of-jesus-christ-1709198437-768x432.jpg 768w, https:\/\/fratdejob.participationetfraternite.fr\/wp-content\/uploads\/2026\/04\/what-is-the-passion-of-jesus-christ-1709198437-1536x864.jpg 1536w, https:\/\/fratdejob.participationetfraternite.fr\/wp-content\/uploads\/2026\/04\/what-is-the-passion-of-jesus-christ-1709198437-1320x742.jpg 1320w, https:\/\/fratdejob.participationetfraternite.fr\/wp-content\/uploads\/2026\/04\/what-is-the-passion-of-jesus-christ-1709198437.jpg 1780w\" sizes=\"auto, (max-width: 300px) 100vw, 300px\" \/>Sur le chemin de son calvaire J\u00e9sus porte sa croix<\/p>\n<p>Il croise ceux qui l&rsquo;ont aim\u00e9 la veille<\/p>\n<p>Sa croix sur le dos est lourde de tout leurs p\u00eachers<\/p>\n<p>Il tra\u00eene sa croix comme une douleur impossible \u00e0 gu\u00e9rir<\/p>\n<p>Et pourtant son sacrifice servira au monde entier<\/p>\n<p>&nbsp;<\/p>\n<p>&#8212;<\/p>\n<p>Josiane<\/p>\n","protected":false},"excerpt":{"rendered":"<p>Sur le chemin de son calvaire J\u00e9sus porte sa croix Il croise ceux qui l&rsquo;ont aim\u00e9 la veille Sa croix sur le dos est lourde de tout leurs p\u00eachers Il tra\u00eene sa croix comme&#46;&#46;&#46;<\/p>\n","protected":false},"author":3,"featured_media":7524,"comment_status":"closed","ping_status":"closed","sticky":false,"template":"","format":"standard","meta":{"_monsterinsights_skip_tracking":false,"_monsterinsights_sitenote_active":false,"_monsterinsights_sitenote_note":"","_monsterinsights_sitenote_category":0,"footnotes":""},"categories":[4,12],"tags":[],"class_list":["post-7514","post","type-post","status-publish","format-standard","has-post-thumbnail","hentry","category-blog","category-les-poemes-de-job"],"_links":{"self":[{"href":"https:\/\/fratdejob.participationetfraternite.fr\/index.php?rest_route=\/wp\/v2\/posts\/7514","targetHints":{"allow":["GET"]}}],"collection":[{"href":"https:\/\/fratdejob.participationetfraternite.fr\/index.php?rest_route=\/wp\/v2\/posts"}],"about":[{"href":"https:\/\/fratdejob.participationetfraternite.fr\/index.php?rest_route=\/wp\/v2\/types\/post"}],"author":[{"embeddable":true,"href":"https:\/\/fratdejob.participationetfraternite.fr\/index.php?rest_route=\/wp\/v2\/users\/3"}],"replies":[{"embeddable":true,"href":"https:\/\/fratdejob.participationetfraternite.fr\/index.php?rest_route=%2Fwp%2Fv2%2Fcomments&post=7514"}],"version-history":[{"count":3,"href":"https:\/\/fratdejob.participationetfraternite.fr\/index.php?rest_route=\/wp\/v2\/posts\/7514\/revisions"}],"predecessor-version":[{"id":7540,"href":"https:\/\/fratdejob.participationetfraternite.fr\/index.php?rest_route=\/wp\/v2\/posts\/7514\/revisions\/7540"}],"wp:featuredmedia":[{"embeddable":true,"href":"https:\/\/fratdejob.participationetfraternite.fr\/index.php?rest_route=\/wp\/v2\/media\/7524"}],"wp:attachment":[{"href":"https:\/\/fratdejob.participationetfraternite.fr\/index.php?rest_route=%2Fwp%2Fv2%2Fmedia&parent=7514"}],"wp:term":[{"taxonomy":"category","embeddable":true,"href":"https:\/\/fratdejob.participationetfraternite.fr\/index.php?rest_route=%2Fwp%2Fv2%2Fcategories&post=7514"},{"taxonomy":"post_tag","embeddable":true,"href":"https:\/\/fratdejob.participationetfraternite.fr\/index.php?rest_route=%2Fwp%2Fv2%2Ftags&post=7514"}],"curies":[{"name":"wp","href":"https:\/\/api.w.org\/{rel}","templated":true}]}}