{"id":7512,"date":"2026-04-28T18:28:38","date_gmt":"2026-04-28T16:28:38","guid":{"rendered":"https:\/\/fratdejob.participationetfraternite.fr\/?p=7512"},"modified":"2026-04-28T18:28:38","modified_gmt":"2026-04-28T16:28:38","slug":"partages-autour-du-texte-dilexi-te-du-pape-leon","status":"publish","type":"post","link":"https:\/\/fratdejob.participationetfraternite.fr\/?p=7512","title":{"rendered":"Partages autour du texte DILEXI TE du Pape L\u00e9on"},"content":{"rendered":"<p><img loading=\"lazy\" decoding=\"async\" class=\"aligncenter size-medium wp-image-7542\" src=\"https:\/\/fratdejob.participationetfraternite.fr\/wp-content\/uploads\/2026\/04\/IMG-20260428-WA0006-300x225.jpg\" alt=\"\" width=\"300\" height=\"225\" srcset=\"https:\/\/fratdejob.participationetfraternite.fr\/wp-content\/uploads\/2026\/04\/IMG-20260428-WA0006-300x225.jpg 300w, https:\/\/fratdejob.participationetfraternite.fr\/wp-content\/uploads\/2026\/04\/IMG-20260428-WA0006-1024x768.jpg 1024w, https:\/\/fratdejob.participationetfraternite.fr\/wp-content\/uploads\/2026\/04\/IMG-20260428-WA0006-768x576.jpg 768w, https:\/\/fratdejob.participationetfraternite.fr\/wp-content\/uploads\/2026\/04\/IMG-20260428-WA0006-1536x1152.jpg 1536w, https:\/\/fratdejob.participationetfraternite.fr\/wp-content\/uploads\/2026\/04\/IMG-20260428-WA0006-1320x990.jpg 1320w, https:\/\/fratdejob.participationetfraternite.fr\/wp-content\/uploads\/2026\/04\/IMG-20260428-WA0006.jpg 1600w\" sizes=\"auto, (max-width: 300px) 100vw, 300px\" \/>Fin 2025 \/ d\u00e9but 2026, nous avons eu plusieurs temps de partage autour du texte de l\u2019exhortation apostolique \u00ab Dilexi Te \u00bb du pape L\u00e9on XIV.<\/p>\n<p>Un texte sur l\u2019importance de la place des pauvres dans l\u2019Eglise.<\/p>\n<p>Ce th\u00e8me des plus pauvres nous a interpell\u00e9 directement car \u00e7a concernait notre condition et \u00e7a rappelait les sources de la fondation de notre Fraternit\u00e9 autour de la parole du pape Fran\u00e7ois\u00a0: \u00ab\u00a0<strong>Ah, comme je voudrais une \u00c9glise pauvre et pour les pauvres !\u00a0<\/strong>\u00bb.<\/p>\n<p>Et dans Dilexi Te nous avons relev\u00e9 que Dieu lui-m\u00eame a pris notre condition humaine et s\u2019est fait pauvre. <strong><em>\u00ab\u00a0qu\u2019Il est n\u00e9 dans la chair comme nous, que nous l\u2019avons connu dans la petitesse d\u2019un enfant couch\u00e9 dans une mangeoire et dans l\u2019humiliation extr\u00eame de la croix<\/em><\/strong>\u00a0\u00bb<\/p>\n<p>Parmi les r\u00e9flexions que nous avons eu, entre autres\u00a0:<\/p>\n<p>\u00ab\u00a0La faiblesse de Dieu, c&rsquo;est d&rsquo;\u00eatre pauvre\u00a0? C&rsquo;est pas parce qu&rsquo;on est pauvre qu&rsquo;on est faible. Les pauvres sont forts, il faut \u00eatre fort pour survivre\u00a0! Mais ils sont vuln\u00e9rables face aux probl\u00e8mes de la vie.\u00a0\u00bb<\/p>\n<p>\u00ab\u00a0Pourquoi tu m\u00e9rites l&rsquo;amour de Dieu\u00a0? Dans ma t\u00eate, seuls les intelligents ont droit \u00e0 l&rsquo;amour de J\u00e9sus. Quand j&rsquo;ai commenc\u00e9 \u00e0 le conna\u00eetre, il y a 3 ans dans le groupe, j&rsquo;ai vu que J\u00e9sus aimait tout le monde. Il mettait tout le monde au m\u00eame niveau. Il nous aimait tous.\u00a0\u00bb<\/p>\n<p><strong>\u00ab\u00a0D\u00e8s le d\u00e9but, l\u2019\u00c9criture manifeste avec une telle intensit\u00e9 l\u2019amour de Dieu \u00e0 travers la protection des faibles et des moins fortun\u00e9s, que l\u2019on pourrait parler <em>d\u2019une sorte de \u201cfaiblesse\u201d de Dieu \u00e0 leur \u00e9gard<\/em>.\u00a0\u00bb<\/strong><\/p>\n<p>Nous avons \u00e9chang\u00e9 sur la condition de pauvret\u00e9 et se savoir aim\u00e9 de Dieu\u00a0\u00e0 travers les autres :<\/p>\n<p>\u00ab\u00a0Quand tu es riche, tu es aveugle et tu ne re\u00e7ois pas autant l&rsquo;amour de Dieu que les pauvres. Quand t&rsquo;es pauvre, \u00e7a fait du bien de relire de sentir que tu es soutenu par quelqu&rsquo;un, tu te sens important\u00a0parce que tu es aim\u00e9.\u00a0\u00bb<\/p>\n<p>\u00ab\u00a0Quand on aime les tr\u00e8s pauvres, on est vuln\u00e9rable. On devient plus pauvre et on est fragile, parce qu\u2019on est solidaire.\u00a0\u00bb<\/p>\n<p>&nbsp;<\/p>\n<p>Nous avons \u00e9galement r\u00e9fl\u00e9chi sur <strong>l\u2019importance et la n\u00e9cessit\u00e9<\/strong> pour l\u2019Eglise de se pr\u00e9occuper des plus pauvres.<\/p>\n","protected":false},"excerpt":{"rendered":"<p>Fin 2025 \/ d\u00e9but 2026, nous avons eu plusieurs temps de partage autour du texte de l\u2019exhortation apostolique \u00ab Dilexi Te \u00bb du pape L\u00e9on XIV. Un texte sur l\u2019importance de la place des&#46;&#46;&#46;<\/p>\n","protected":false},"author":3,"featured_media":7542,"comment_status":"closed","ping_status":"closed","sticky":false,"template":"","format":"standard","meta":{"_monsterinsights_skip_tracking":false,"_monsterinsights_sitenote_active":false,"_monsterinsights_sitenote_note":"","_monsterinsights_sitenote_category":0,"footnotes":""},"categories":[4,5,7],"tags":[],"class_list":["post-7512","post","type-post","status-publish","format-standard","has-post-thumbnail","hentry","category-blog","category-les-prises-de-paroles-de-job","category-les-projets-de-job"],"_links":{"self":[{"href":"https:\/\/fratdejob.participationetfraternite.fr\/index.php?rest_route=\/wp\/v2\/posts\/7512","targetHints":{"allow":["GET"]}}],"collection":[{"href":"https:\/\/fratdejob.participationetfraternite.fr\/index.php?rest_route=\/wp\/v2\/posts"}],"about":[{"href":"https:\/\/fratdejob.participationetfraternite.fr\/index.php?rest_route=\/wp\/v2\/types\/post"}],"author":[{"embeddable":true,"href":"https:\/\/fratdejob.participationetfraternite.fr\/index.php?rest_route=\/wp\/v2\/users\/3"}],"replies":[{"embeddable":true,"href":"https:\/\/fratdejob.participationetfraternite.fr\/index.php?rest_route=%2Fwp%2Fv2%2Fcomments&post=7512"}],"version-history":[{"count":4,"href":"https:\/\/fratdejob.participationetfraternite.fr\/index.php?rest_route=\/wp\/v2\/posts\/7512\/revisions"}],"predecessor-version":[{"id":7544,"href":"https:\/\/fratdejob.participationetfraternite.fr\/index.php?rest_route=\/wp\/v2\/posts\/7512\/revisions\/7544"}],"wp:featuredmedia":[{"embeddable":true,"href":"https:\/\/fratdejob.participationetfraternite.fr\/index.php?rest_route=\/wp\/v2\/media\/7542"}],"wp:attachment":[{"href":"https:\/\/fratdejob.participationetfraternite.fr\/index.php?rest_route=%2Fwp%2Fv2%2Fmedia&parent=7512"}],"wp:term":[{"taxonomy":"category","embeddable":true,"href":"https:\/\/fratdejob.participationetfraternite.fr\/index.php?rest_route=%2Fwp%2Fv2%2Fcategories&post=7512"},{"taxonomy":"post_tag","embeddable":true,"href":"https:\/\/fratdejob.participationetfraternite.fr\/index.php?rest_route=%2Fwp%2Fv2%2Ftags&post=7512"}],"curies":[{"name":"wp","href":"https:\/\/api.w.org\/{rel}","templated":true}]}}