{"id":7502,"date":"2026-04-28T18:28:01","date_gmt":"2026-04-28T16:28:01","guid":{"rendered":"https:\/\/fratdejob.participationetfraternite.fr\/?p=7502"},"modified":"2026-04-28T18:28:01","modified_gmt":"2026-04-28T16:28:01","slug":"solide-comme-un-roc-geant-je-veille","status":"publish","type":"post","link":"https:\/\/fratdejob.participationetfraternite.fr\/?p=7502","title":{"rendered":"Solide comme un roc, G\u00e9ant, je veille"},"content":{"rendered":"<p>Solide comme un roc, g\u00e9ant je veille.<br \/>\nSur le malaise de la nuit, o\u00f9 les t\u00e9n\u00e8bres se m\u00ealent et naissent les l\u00e9gendes.<br \/>\nDans le clair-obscur de la Lune, le voile myst\u00e9rieux se l\u00e8ve.<\/p>\n<p>Laissant apparaitre<br \/>\nUn fond gris bleut\u00e9 parsem\u00e9 d\u2019ocre et de terre de sienne,<br \/>\nO\u00f9 le ciel refl\u00e8te l\u2019opale de l\u2019oc\u00e9an.<\/p>\n<p>L\u2019ombre, la lumi\u00e8re r\u00e9v\u00e8le,<br \/>\nMes formes g\u00e9om\u00e9triques apparaissent, s\u2019entrem\u00ealent,<img loading=\"lazy\" decoding=\"async\" class=\"size-medium wp-image-7543 alignright\" src=\"https:\/\/fratdejob.participationetfraternite.fr\/wp-content\/uploads\/2026\/04\/Roc-300x168.webp\" alt=\"\" width=\"300\" height=\"168\" srcset=\"https:\/\/fratdejob.participationetfraternite.fr\/wp-content\/uploads\/2026\/04\/Roc-300x168.webp 300w, https:\/\/fratdejob.participationetfraternite.fr\/wp-content\/uploads\/2026\/04\/Roc.webp 474w\" sizes=\"auto, (max-width: 300px) 100vw, 300px\" \/><br \/>\nDans un tableau o\u00f9 m\u00eame Picasso n\u2019aurait pas fait mieux.<\/p>\n<p>Quand point le jour, c\u2019est un tableau vermeil qui se dessine.<br \/>\nEn quelques instants furtifs on verra du jade qui soulignera toute la gr\u00e2ce de l\u2019accord\u00e9on des couleurs<\/p>\n<p>Les rayons du soleil accrochent des volumes sur mon granit rose,<br \/>\nDonnant des ar\u00eates aux poissons d\u2019argents aux \u00e9cailles scintillantes,<br \/>\nRestant prisonnier dans les failles de mon identit\u00e9.<\/p>\n<p>Alors ils n\u2019iront pas nager dans la mer \u00e9meraude,<br \/>\nParmi tous les rubans de couleurs qui dansent<br \/>\nLes rescap\u00e9s des poissons d\u2019argents s\u2019en vont nager plus loin.<\/p>\n<p>Quand les rayons viennent effleurer l\u2019eau,<br \/>\nLes facettes de couleur se m\u00e9tamorphose fr\u00f4lant la m\u00e9taphore.<br \/>\nL\u2019eau se teinte de jaune, d\u2019orange, de rouge pour me tirer sa r\u00e9v\u00e9rence.<\/p>\n<p>La p\u00e9nombre installe son ombre, le vent se l\u00e8ve.<br \/>\nL\u2019eau tombe pour frapper ma t\u00eate,<br \/>\nL\u2019eau heurte mon flanc avec violence pour m\u2019arracher toutes mes richesses.<\/p>\n<p>La violence des \u00e9l\u00e9ments s\u2019imposent.<br \/>\nEt c\u2019est bien Moi, la falaise qui se perd dans ce malaise.<\/p>\n","protected":false},"excerpt":{"rendered":"<p>Solide comme un roc, g\u00e9ant je veille. Sur le malaise de la nuit, o\u00f9 les t\u00e9n\u00e8bres se m\u00ealent et naissent les l\u00e9gendes. Dans le clair-obscur de la Lune, le voile myst\u00e9rieux se l\u00e8ve. Laissant&#46;&#46;&#46;<\/p>\n","protected":false},"author":10,"featured_media":7543,"comment_status":"closed","ping_status":"closed","sticky":false,"template":"","format":"standard","meta":{"_monsterinsights_skip_tracking":false,"_monsterinsights_sitenote_active":false,"_monsterinsights_sitenote_note":"","_monsterinsights_sitenote_category":0,"footnotes":""},"categories":[4,12],"tags":[],"class_list":["post-7502","post","type-post","status-publish","format-standard","has-post-thumbnail","hentry","category-blog","category-les-poemes-de-job"],"_links":{"self":[{"href":"https:\/\/fratdejob.participationetfraternite.fr\/index.php?rest_route=\/wp\/v2\/posts\/7502","targetHints":{"allow":["GET"]}}],"collection":[{"href":"https:\/\/fratdejob.participationetfraternite.fr\/index.php?rest_route=\/wp\/v2\/posts"}],"about":[{"href":"https:\/\/fratdejob.participationetfraternite.fr\/index.php?rest_route=\/wp\/v2\/types\/post"}],"author":[{"embeddable":true,"href":"https:\/\/fratdejob.participationetfraternite.fr\/index.php?rest_route=\/wp\/v2\/users\/10"}],"replies":[{"embeddable":true,"href":"https:\/\/fratdejob.participationetfraternite.fr\/index.php?rest_route=%2Fwp%2Fv2%2Fcomments&post=7502"}],"version-history":[{"count":7,"href":"https:\/\/fratdejob.participationetfraternite.fr\/index.php?rest_route=\/wp\/v2\/posts\/7502\/revisions"}],"predecessor-version":[{"id":7545,"href":"https:\/\/fratdejob.participationetfraternite.fr\/index.php?rest_route=\/wp\/v2\/posts\/7502\/revisions\/7545"}],"wp:featuredmedia":[{"embeddable":true,"href":"https:\/\/fratdejob.participationetfraternite.fr\/index.php?rest_route=\/wp\/v2\/media\/7543"}],"wp:attachment":[{"href":"https:\/\/fratdejob.participationetfraternite.fr\/index.php?rest_route=%2Fwp%2Fv2%2Fmedia&parent=7502"}],"wp:term":[{"taxonomy":"category","embeddable":true,"href":"https:\/\/fratdejob.participationetfraternite.fr\/index.php?rest_route=%2Fwp%2Fv2%2Fcategories&post=7502"},{"taxonomy":"post_tag","embeddable":true,"href":"https:\/\/fratdejob.participationetfraternite.fr\/index.php?rest_route=%2Fwp%2Fv2%2Ftags&post=7502"}],"curies":[{"name":"wp","href":"https:\/\/api.w.org\/{rel}","templated":true}]}}